{"id":618,"date":"2020-08-31T12:16:13","date_gmt":"2020-08-31T10:16:13","guid":{"rendered":"https:\/\/arzaksince1897.com\/albiste-honen-lerroburuak-bi-lerro-okupatu-behar-ditu-2\/"},"modified":"2020-09-09T13:12:33","modified_gmt":"2020-09-09T11:12:33","slug":"titulo-de-esta-noticia-para-que-ocupe-dos-lineas-11","status":"publish","type":"post","link":"https:\/\/arzaksince1897.com\/eu\/titulo-de-esta-noticia-para-que-ocupe-dos-lineas-11\/","title":{"rendered":"Asier Altuna presenta &#8220;Arzak since 1897&#8221; en Zinemaldia con la participaci\u00f3n de EITB"},"content":{"rendered":"<p>Asier Altuna (Bergara, Gipuzkoa, 1969) vuelve al festival tras participar en apartados como la Secci\u00f3n Oficial, en la que concurs\u00f3 con &#8220;Amama&#8221; (Premio Irizar, 2015) tras mostrar &#8220;Bertsolari&#8221; (2011) fuera de competici\u00f3n, o en New Directors y la Gala del Cine Vasco, en las que present\u00f3, respectivamente, &#8220;Aupa Etxebeste!&#8221; (Premio de la Juventud, 2005) y &#8220;Agur Etxebeste!&#8221; (2019), ambas codirigidas junto a Telmo Esnal.<\/p>\n<p>&#8220;Arzak since 1897&#8221; analiza la transformaci\u00f3n de la cocina tradicional en la nueva cocina de autor a trav\u00e9s del restaurante Arzak.<\/p>\n","protected":false},"excerpt":{"rendered":"<p>Aenean a dignissim ex, non dictum urna. Integer vel efficitur magna, nec posuere odio. Mauris vel faucibus diam. Donec suscipit mauris vel leo interdum, id blandit tellus rhoncus. Nullam lectus dui, tempor quis purus at, finibus egestas mi. Praesent sollicitudin magna eu lectus ultrices lobortis. Mauris in urna egestas, tristique mi eget, dignissim libero.<\/p>\n","protected":false},"author":1,"featured_media":912,"comment_status":"closed","ping_status":"closed","sticky":false,"template":"","format":"standard","meta":[],"categories":[18],"tags":[],"yoast_head":"<!-- This site is optimized with the Yoast SEO plugin v14.9 - https:\/\/yoast.com\/wordpress\/plugins\/seo\/ -->\n<title>Asier Altuna presenta &quot;Arzak since 1897&quot; en Zinemaldia con la participaci\u00f3n de EITB - Arzak since 1897<\/title>\n<meta name=\"robots\" content=\"index, follow, max-snippet:-1, max-image-preview:large, max-video-preview:-1\" \/>\n<link rel=\"canonical\" href=\"https:\/\/arzaksince1897.com\/eu\/titulo-de-esta-noticia-para-que-ocupe-dos-lineas-11\/\" \/>\n<meta property=\"og:locale\" content=\"eu_ES\" \/>\n<meta property=\"og:type\" content=\"article\" \/>\n<meta property=\"og:title\" content=\"Asier Altuna presenta &quot;Arzak since 1897&quot; en Zinemaldia con la participaci\u00f3n de EITB - Arzak since 1897\" \/>\n<meta property=\"og:description\" content=\"Aenean a dignissim ex, non dictum urna. Integer vel efficitur magna, nec posuere odio. Mauris vel faucibus diam. Donec suscipit mauris vel leo interdum, id blandit tellus rhoncus. Nullam lectus dui, tempor quis purus at, finibus egestas mi. Praesent sollicitudin magna eu lectus ultrices lobortis. Mauris in urna egestas, tristique mi eget, dignissim libero.\" \/>\n<meta property=\"og:url\" content=\"https:\/\/arzaksince1897.com\/eu\/titulo-de-esta-noticia-para-que-ocupe-dos-lineas-11\/\" \/>\n<meta property=\"og:site_name\" content=\"Arzak since 1897\" \/>\n<meta property=\"article:published_time\" content=\"2020-08-31T10:16:13+00:00\" \/>\n<meta property=\"article:modified_time\" content=\"2020-09-09T11:12:33+00:00\" \/>\n<meta property=\"og:image\" content=\"https:\/\/arzaksince1897.com\/wp-content\/uploads\/2020\/08\/noticia-01.jpg\" \/>\n\t<meta property=\"og:image:width\" content=\"555\" \/>\n\t<meta property=\"og:image:height\" content=\"406\" \/>\n<meta name=\"twitter:card\" content=\"summary_large_image\" \/>\n<script type=\"application\/ld+json\" class=\"yoast-schema-graph\">{\"@context\":\"https:\/\/schema.org\",\"@graph\":[{\"@type\":\"Organization\",\"@id\":\"https:\/\/arzaksince1897.com\/eu\/#organization\",\"name\":\"ARZAK SINCE 1897\",\"url\":\"https:\/\/arzaksince1897.com\/eu\/\",\"sameAs\":[],\"logo\":{\"@type\":\"ImageObject\",\"@id\":\"https:\/\/arzaksince1897.com\/eu\/#logo\",\"inLanguage\":\"eu-ES\",\"url\":\"https:\/\/arzaksince1897.com\/wp-content\/uploads\/2020\/08\/Logotipo-Arzak-Since-1897.png\",\"width\":240,\"height\":96,\"caption\":\"ARZAK SINCE 1897\"},\"image\":{\"@id\":\"https:\/\/arzaksince1897.com\/eu\/#logo\"}},{\"@type\":\"WebSite\",\"@id\":\"https:\/\/arzaksince1897.com\/eu\/#website\",\"url\":\"https:\/\/arzaksince1897.com\/eu\/\",\"name\":\"Arzak since 1897\",\"description\":\"\",\"publisher\":{\"@id\":\"https:\/\/arzaksince1897.com\/eu\/#organization\"},\"potentialAction\":[{\"@type\":\"SearchAction\",\"target\":\"https:\/\/arzaksince1897.com\/eu\/?s={search_term_string}\",\"query-input\":\"required name=search_term_string\"}],\"inLanguage\":\"eu-ES\"},{\"@type\":\"ImageObject\",\"@id\":\"https:\/\/arzaksince1897.com\/eu\/titulo-de-esta-noticia-para-que-ocupe-dos-lineas-11\/#primaryimage\",\"inLanguage\":\"eu-ES\",\"url\":\"https:\/\/arzaksince1897.com\/wp-content\/uploads\/2020\/09\/galeraia-arzak-since1897-6.jpg\",\"width\":1920,\"height\":1014,\"caption\":\"galeraia-arzak-since1897-6\"},{\"@type\":\"WebPage\",\"@id\":\"https:\/\/arzaksince1897.com\/eu\/titulo-de-esta-noticia-para-que-ocupe-dos-lineas-11\/#webpage\",\"url\":\"https:\/\/arzaksince1897.com\/eu\/titulo-de-esta-noticia-para-que-ocupe-dos-lineas-11\/\",\"name\":\"Asier Altuna presenta \\\"Arzak since 1897\\\" en Zinemaldia con la participaci\\u00f3n de EITB - Arzak since 1897\",\"isPartOf\":{\"@id\":\"https:\/\/arzaksince1897.com\/eu\/#website\"},\"primaryImageOfPage\":{\"@id\":\"https:\/\/arzaksince1897.com\/eu\/titulo-de-esta-noticia-para-que-ocupe-dos-lineas-11\/#primaryimage\"},\"datePublished\":\"2020-08-31T10:16:13+00:00\",\"dateModified\":\"2020-09-09T11:12:33+00:00\",\"inLanguage\":\"eu-ES\",\"potentialAction\":[{\"@type\":\"ReadAction\",\"target\":[\"https:\/\/arzaksince1897.com\/eu\/titulo-de-esta-noticia-para-que-ocupe-dos-lineas-11\/\"]}]},{\"@type\":\"Article\",\"@id\":\"https:\/\/arzaksince1897.com\/eu\/titulo-de-esta-noticia-para-que-ocupe-dos-lineas-11\/#article\",\"isPartOf\":{\"@id\":\"https:\/\/arzaksince1897.com\/eu\/titulo-de-esta-noticia-para-que-ocupe-dos-lineas-11\/#webpage\"},\"author\":{\"@id\":\"https:\/\/arzaksince1897.com\/eu\/#\/schema\/person\/42cf4dfdcdd9465aa53ba599ace91fe4\"},\"headline\":\"Asier Altuna presenta &#8220;Arzak since 1897&#8221; en Zinemaldia con la participaci\\u00f3n de EITB\",\"datePublished\":\"2020-08-31T10:16:13+00:00\",\"dateModified\":\"2020-09-09T11:12:33+00:00\",\"mainEntityOfPage\":{\"@id\":\"https:\/\/arzaksince1897.com\/eu\/titulo-de-esta-noticia-para-que-ocupe-dos-lineas-11\/#webpage\"},\"publisher\":{\"@id\":\"https:\/\/arzaksince1897.com\/eu\/#organization\"},\"image\":{\"@id\":\"https:\/\/arzaksince1897.com\/eu\/titulo-de-esta-noticia-para-que-ocupe-dos-lineas-11\/#primaryimage\"},\"articleSection\":\"Zinemaldia\",\"inLanguage\":\"eu-ES\"},{\"@type\":\"Person\",\"@id\":\"https:\/\/arzaksince1897.com\/eu\/#\/schema\/person\/42cf4dfdcdd9465aa53ba599ace91fe4\",\"name\":\"burmadmin\",\"image\":{\"@type\":\"ImageObject\",\"@id\":\"https:\/\/arzaksince1897.com\/eu\/#personlogo\",\"inLanguage\":\"eu-ES\",\"url\":\"https:\/\/secure.gravatar.com\/avatar\/b3a32dfebe3261eb0f43924f37f39e50?s=96&d=mm&r=g\",\"caption\":\"burmadmin\"}}]}<\/script>\n<!-- \/ Yoast SEO plugin. -->","_links":{"self":[{"href":"https:\/\/arzaksince1897.com\/eu\/wp-json\/wp\/v2\/posts\/618"}],"collection":[{"href":"https:\/\/arzaksince1897.com\/eu\/wp-json\/wp\/v2\/posts"}],"about":[{"href":"https:\/\/arzaksince1897.com\/eu\/wp-json\/wp\/v2\/types\/post"}],"author":[{"embeddable":true,"href":"https:\/\/arzaksince1897.com\/eu\/wp-json\/wp\/v2\/users\/1"}],"replies":[{"embeddable":true,"href":"https:\/\/arzaksince1897.com\/eu\/wp-json\/wp\/v2\/comments?post=618"}],"version-history":[{"count":3,"href":"https:\/\/arzaksince1897.com\/eu\/wp-json\/wp\/v2\/posts\/618\/revisions"}],"predecessor-version":[{"id":1192,"href":"https:\/\/arzaksince1897.com\/eu\/wp-json\/wp\/v2\/posts\/618\/revisions\/1192"}],"wp:featuredmedia":[{"embeddable":true,"href":"https:\/\/arzaksince1897.com\/eu\/wp-json\/wp\/v2\/media\/912"}],"wp:attachment":[{"href":"https:\/\/arzaksince1897.com\/eu\/wp-json\/wp\/v2\/media?parent=618"}],"wp:term":[{"taxonomy":"category","embeddable":true,"href":"https:\/\/arzaksince1897.com\/eu\/wp-json\/wp\/v2\/categories?post=618"},{"taxonomy":"post_tag","embeddable":true,"href":"https:\/\/arzaksince1897.com\/eu\/wp-json\/wp\/v2\/tags?post=618"}],"curies":[{"name":"wp","href":"https:\/\/api.w.org\/{rel}","templated":true}]}}